{"id":6864,"date":"2020-07-31T12:30:12","date_gmt":"2020-07-31T10:30:12","guid":{"rendered":"http:\/\/omigingranaggi.com\/de\/?p=6864"},"modified":"2021-01-27T14:28:20","modified_gmt":"2021-01-27T13:28:20","slug":"omig-nimmt-vom-11-bis-15-november-2020-an-der-eima-digital-preview-2020-teil","status":"publish","type":"post","link":"https:\/\/omigingranaggi.com\/de\/omig-nimmt-vom-11-bis-15-november-2020-an-der-eima-digital-preview-2020-teil\/","title":{"rendered":"Omig nimmt vom 11. bis 15. November 2020 an der EIMA DIGITAL PREVIEW 2020 teil"},"content":{"rendered":"<p>Omig formalisiert ihre Teilnahme an der <strong>EIMA DIGITAL PREVIEW 2020<\/strong>, die vom <strong>11.<\/strong> <strong>bis 15. November 2020<\/strong>in einem virtuellen Messegel\u00e4nde stattfinden wird.<\/p>\n<p>Federunacoma und Eima International entschieden, dass \u201eCOVID 19\u201c die Gelegenheit zum Treffen nicht aufhalten konnte, da seit immer ist EIMA INTERNATIONAL \u00a0einer der weltweit wichtigsten Messen f\u00fcr den Agrarmarkt und die damit verbundenen Zulieferindustrie.<\/p>\n<p>Die Notlage hat sicherlich einen Digitalisierungsprozess auch f\u00fcr den Messebereich beschleunigt, zu dem es ohnehin gekommen w\u00e4re, aber mit sicherlich l\u00e4ngeren Zeiten:\u00a0 wir k\u00f6nnten sagen, es ist die einzige positive Seite dieser pl\u00f6tzlichen Krise!<\/p>\n<p>Die Veranstalter f\u00fchrten am 23. Juli diese <strong>VIRTUELLE Ausgabe<\/strong> vor, um die Besonderheiten zu veranschaulichen, und zumal <strong>die Quantit\u00e4t und Qualit\u00e4t der betroffenen Marktunternehmer<\/strong> unter Ausstellern, Experten, Best\u00e4nde sowie Fachpresse hervorzuheben.<\/p>\n<p>Unter den mehr als 2.000 Unternehmen, wird es auch Omig ihren eigenen VIRTUAL STAND er\u00f6ffnen, der ihn mit Elementen &#8222;aufbaut&#8220;, mit denen Sie unsere Mission, unsere Technologie, <strong>unsere QUALIT\u00c4T<\/strong> entdecken k\u00f6nnen!<\/p>\n<p>Wir sind auch \u00fcber <strong>die Kan\u00e4le<\/strong> erreichbar, <strong>die von der Plattform \u201eEIMA DIGITAL PREVIEW\u201c<\/strong> f\u00fcr &#8222;online&#8220; <strong>Termine<\/strong> zur Verf\u00fcgung gestellt werden, als ob Sie dort w\u00e4ren, direkt vor uns!<\/p>\n<p>Wir laden Sie ein, uns jetzt per E-Mail zu kontaktieren <a href=\"mailto:commerciale@omigingranaggi.it\"><strong>commerciale@omigingranaggi.it<\/strong><\/a> um einen Termin zu vereinbaren. Wir m\u00f6chten f\u00fcr jeden von Ihnen ausreichend Zeit reservieren.<\/p>\n<p>Wir warten darauf, Sie im Februar 2021 wieder bei EIMA INTERNATIONAL zu sehen. In der Zwischenzeit warten wir im November <strong>auf Sie<\/strong> in unserem digitalen STAND!<\/p>\n","protected":false},"excerpt":{"rendered":"<p>Omig formalisiert ihre Teilnahme an der EIMA DIGITAL PREVIEW 2020, die vom 11. bis 15. November 2020in einem virtuellen Messegel\u00e4nde stattfinden wird. Federunacoma und Eima International entschieden, dass \u201eCOVID 19\u201c die Gelegenheit zum Treffen nicht aufhalten konnte, da seit immer ist EIMA INTERNATIONAL \u00a0einer der weltweit wichtigsten Messen f\u00fcr den Agrarmarkt und die damit verbundenen [&hellip;]<\/p>\n","protected":false},"author":3,"featured_media":6890,"comment_status":"closed","ping_status":"open","sticky":false,"template":"","format":"standard","meta":[],"categories":[49],"tags":[237,291,292,270,293,160,204,161,130,294,295,162,163],"yoast_head":"<!-- This site is optimized with the Yoast SEO plugin v18.9 - https:\/\/yoast.com\/wordpress\/plugins\/seo\/ -->\n<title>Omig nimmt vom 11. bis 15. November 2020 an der EIMA DIGITAL PREVIEW 2020 teil<\/title>\n<meta name=\"description\" content=\"Omig formalisiert ihre Teilnahme an der EIMA DIGITAL PREVIEW 2020, die vom 11. bis 15. November 2020in einem virtuellen Messegel\u00e4nde stattfinden wird.\" \/>\n<meta name=\"robots\" content=\"index, follow, max-snippet:-1, max-image-preview:large, max-video-preview:-1\" \/>\n<link rel=\"canonical\" href=\"https:\/\/omigingranaggi.com\/de\/omig-nimmt-vom-11-bis-15-november-2020-an-der-eima-digital-preview-2020-teil\/\" \/>\n<meta property=\"og:locale\" content=\"de_DE\" \/>\n<meta property=\"og:type\" content=\"article\" \/>\n<meta property=\"og:title\" content=\"Omig nimmt vom 11. bis 15. November 2020 an der EIMA DIGITAL PREVIEW 2020 teil\" \/>\n<meta property=\"og:description\" content=\"Omig formalisiert ihre Teilnahme an der EIMA DIGITAL PREVIEW 2020, die vom 11. bis 15. November 2020in einem virtuellen Messegel\u00e4nde stattfinden wird.\" \/>\n<meta property=\"og:url\" content=\"https:\/\/omigingranaggi.com\/de\/omig-nimmt-vom-11-bis-15-november-2020-an-der-eima-digital-preview-2020-teil\/\" \/>\n<meta property=\"og:site_name\" content=\"OMIG Ingranaggi\" \/>\n<meta property=\"article:publisher\" content=\"https:\/\/www.facebook.com\/OMIGingranaggi\" \/>\n<meta property=\"article:published_time\" content=\"2020-07-31T10:30:12+00:00\" \/>\n<meta property=\"article:modified_time\" content=\"2021-01-27T13:28:20+00:00\" \/>\n<meta property=\"og:image\" content=\"https:\/\/omigingranaggi.com\/wp-content\/uploads\/2020\/07\/2020_07_31-POST-DE-Partecipazione-EIMA-Digital-Preview.png\" \/>\n\t<meta property=\"og:image:width\" content=\"1080\" \/>\n\t<meta property=\"og:image:height\" content=\"1080\" \/>\n\t<meta property=\"og:image:type\" content=\"image\/png\" \/>\n<meta name=\"twitter:card\" content=\"summary\" \/>\n<meta name=\"twitter:label1\" content=\"Verfasst von\" \/>\n\t<meta name=\"twitter:data1\" content=\"Omig\" \/>\n\t<meta name=\"twitter:label2\" content=\"Gesch\u00e4tzte Lesezeit\" \/>\n\t<meta name=\"twitter:data2\" content=\"1\u00a0Minute\" \/>\n<script type=\"application\/ld+json\" class=\"yoast-schema-graph\">{\"@context\":\"https:\/\/schema.org\",\"@graph\":[{\"@type\":\"WebSite\",\"@id\":\"https:\/\/omigingranaggi.com\/#website\",\"url\":\"https:\/\/omigingranaggi.com\/\",\"name\":\"OMIG Ingranaggi\",\"description\":\"Gear Manufacturing\",\"potentialAction\":[{\"@type\":\"SearchAction\",\"target\":{\"@type\":\"EntryPoint\",\"urlTemplate\":\"https:\/\/omigingranaggi.com\/?s={search_term_string}\"},\"query-input\":\"required name=search_term_string\"}],\"inLanguage\":\"de\"},{\"@type\":\"ImageObject\",\"inLanguage\":\"de\",\"@id\":\"https:\/\/omigingranaggi.com\/de\/omig-nimmt-vom-11-bis-15-november-2020-an-der-eima-digital-preview-2020-teil\/#primaryimage\",\"url\":\"https:\/\/omigingranaggi.com\/wp-content\/uploads\/2020\/07\/2020_07_31-POST-DE-Partecipazione-EIMA-Digital-Preview.png\",\"contentUrl\":\"https:\/\/omigingranaggi.com\/wp-content\/uploads\/2020\/07\/2020_07_31-POST-DE-Partecipazione-EIMA-Digital-Preview.png\",\"width\":1080,\"height\":1080,\"caption\":\"2020_07_31 - NEWS - Omig nimmt an der EIMA DIGITAL PREVIEW offiziell tei\"},{\"@type\":\"WebPage\",\"@id\":\"https:\/\/omigingranaggi.com\/de\/omig-nimmt-vom-11-bis-15-november-2020-an-der-eima-digital-preview-2020-teil\/#webpage\",\"url\":\"https:\/\/omigingranaggi.com\/de\/omig-nimmt-vom-11-bis-15-november-2020-an-der-eima-digital-preview-2020-teil\/\",\"name\":\"Omig nimmt vom 11. bis 15. November 2020 an der EIMA DIGITAL PREVIEW 2020 teil\",\"isPartOf\":{\"@id\":\"https:\/\/omigingranaggi.com\/#website\"},\"primaryImageOfPage\":{\"@id\":\"https:\/\/omigingranaggi.com\/de\/omig-nimmt-vom-11-bis-15-november-2020-an-der-eima-digital-preview-2020-teil\/#primaryimage\"},\"datePublished\":\"2020-07-31T10:30:12+00:00\",\"dateModified\":\"2021-01-27T13:28:20+00:00\",\"author\":{\"@id\":\"https:\/\/omigingranaggi.com\/#\/schema\/person\/14701562a8416c34cb1ac64a7bc8f628\"},\"description\":\"Omig formalisiert ihre Teilnahme an der EIMA DIGITAL PREVIEW 2020, die vom 11. bis 15. November 2020in einem virtuellen Messegel\u00e4nde stattfinden wird.\",\"breadcrumb\":{\"@id\":\"https:\/\/omigingranaggi.com\/de\/omig-nimmt-vom-11-bis-15-november-2020-an-der-eima-digital-preview-2020-teil\/#breadcrumb\"},\"inLanguage\":\"de\",\"potentialAction\":[{\"@type\":\"ReadAction\",\"target\":[\"https:\/\/omigingranaggi.com\/de\/omig-nimmt-vom-11-bis-15-november-2020-an-der-eima-digital-preview-2020-teil\/\"]}]},{\"@type\":\"BreadcrumbList\",\"@id\":\"https:\/\/omigingranaggi.com\/de\/omig-nimmt-vom-11-bis-15-november-2020-an-der-eima-digital-preview-2020-teil\/#breadcrumb\",\"itemListElement\":[{\"@type\":\"ListItem\",\"position\":1,\"name\":\"Home\",\"item\":\"https:\/\/omigingranaggi.com\/de\/\"},{\"@type\":\"ListItem\",\"position\":2,\"name\":\"Omig nimmt vom 11. bis 15. November 2020 an der EIMA DIGITAL PREVIEW 2020 teil\"}]},{\"@type\":\"Person\",\"@id\":\"https:\/\/omigingranaggi.com\/#\/schema\/person\/14701562a8416c34cb1ac64a7bc8f628\",\"name\":\"Omig\",\"image\":{\"@type\":\"ImageObject\",\"inLanguage\":\"de\",\"@id\":\"https:\/\/omigingranaggi.com\/#\/schema\/person\/image\/\",\"url\":\"https:\/\/secure.gravatar.com\/avatar\/4a0562f94e8dfb44921dbabd33cdc75e?s=96&d=mm&r=g\",\"contentUrl\":\"https:\/\/secure.gravatar.com\/avatar\/4a0562f94e8dfb44921dbabd33cdc75e?s=96&d=mm&r=g\",\"caption\":\"Omig\"},\"url\":\"https:\/\/omigingranaggi.com\/de\/author\/omig\/\"}]}<\/script>\n<!-- \/ Yoast SEO plugin. -->","yoast_head_json":{"title":"Omig nimmt vom 11. bis 15. November 2020 an der EIMA DIGITAL PREVIEW 2020 teil","description":"Omig formalisiert ihre Teilnahme an der EIMA DIGITAL PREVIEW 2020, die vom 11. bis 15. November 2020in einem virtuellen Messegel\u00e4nde stattfinden wird.","robots":{"index":"index","follow":"follow","max-snippet":"max-snippet:-1","max-image-preview":"max-image-preview:large","max-video-preview":"max-video-preview:-1"},"canonical":"https:\/\/omigingranaggi.com\/de\/omig-nimmt-vom-11-bis-15-november-2020-an-der-eima-digital-preview-2020-teil\/","og_locale":"de_DE","og_type":"article","og_title":"Omig nimmt vom 11. bis 15. November 2020 an der EIMA DIGITAL PREVIEW 2020 teil","og_description":"Omig formalisiert ihre Teilnahme an der EIMA DIGITAL PREVIEW 2020, die vom 11. bis 15. November 2020in einem virtuellen Messegel\u00e4nde stattfinden wird.","og_url":"https:\/\/omigingranaggi.com\/de\/omig-nimmt-vom-11-bis-15-november-2020-an-der-eima-digital-preview-2020-teil\/","og_site_name":"OMIG Ingranaggi","article_publisher":"https:\/\/www.facebook.com\/OMIGingranaggi","article_published_time":"2020-07-31T10:30:12+00:00","article_modified_time":"2021-01-27T13:28:20+00:00","og_image":[{"width":1080,"height":1080,"url":"https:\/\/omigingranaggi.com\/wp-content\/uploads\/2020\/07\/2020_07_31-POST-DE-Partecipazione-EIMA-Digital-Preview.png","type":"image\/png"}],"twitter_card":"summary","twitter_misc":{"Verfasst von":"Omig","Gesch\u00e4tzte Lesezeit":"1\u00a0Minute"},"schema":{"@context":"https:\/\/schema.org","@graph":[{"@type":"WebSite","@id":"https:\/\/omigingranaggi.com\/#website","url":"https:\/\/omigingranaggi.com\/","name":"OMIG Ingranaggi","description":"Gear Manufacturing","potentialAction":[{"@type":"SearchAction","target":{"@type":"EntryPoint","urlTemplate":"https:\/\/omigingranaggi.com\/?s={search_term_string}"},"query-input":"required name=search_term_string"}],"inLanguage":"de"},{"@type":"ImageObject","inLanguage":"de","@id":"https:\/\/omigingranaggi.com\/de\/omig-nimmt-vom-11-bis-15-november-2020-an-der-eima-digital-preview-2020-teil\/#primaryimage","url":"https:\/\/omigingranaggi.com\/wp-content\/uploads\/2020\/07\/2020_07_31-POST-DE-Partecipazione-EIMA-Digital-Preview.png","contentUrl":"https:\/\/omigingranaggi.com\/wp-content\/uploads\/2020\/07\/2020_07_31-POST-DE-Partecipazione-EIMA-Digital-Preview.png","width":1080,"height":1080,"caption":"2020_07_31 - NEWS - Omig nimmt an der EIMA DIGITAL PREVIEW offiziell tei"},{"@type":"WebPage","@id":"https:\/\/omigingranaggi.com\/de\/omig-nimmt-vom-11-bis-15-november-2020-an-der-eima-digital-preview-2020-teil\/#webpage","url":"https:\/\/omigingranaggi.com\/de\/omig-nimmt-vom-11-bis-15-november-2020-an-der-eima-digital-preview-2020-teil\/","name":"Omig nimmt vom 11. bis 15. November 2020 an der EIMA DIGITAL PREVIEW 2020 teil","isPartOf":{"@id":"https:\/\/omigingranaggi.com\/#website"},"primaryImageOfPage":{"@id":"https:\/\/omigingranaggi.com\/de\/omig-nimmt-vom-11-bis-15-november-2020-an-der-eima-digital-preview-2020-teil\/#primaryimage"},"datePublished":"2020-07-31T10:30:12+00:00","dateModified":"2021-01-27T13:28:20+00:00","author":{"@id":"https:\/\/omigingranaggi.com\/#\/schema\/person\/14701562a8416c34cb1ac64a7bc8f628"},"description":"Omig formalisiert ihre Teilnahme an der EIMA DIGITAL PREVIEW 2020, die vom 11. bis 15. November 2020in einem virtuellen Messegel\u00e4nde stattfinden wird.","breadcrumb":{"@id":"https:\/\/omigingranaggi.com\/de\/omig-nimmt-vom-11-bis-15-november-2020-an-der-eima-digital-preview-2020-teil\/#breadcrumb"},"inLanguage":"de","potentialAction":[{"@type":"ReadAction","target":["https:\/\/omigingranaggi.com\/de\/omig-nimmt-vom-11-bis-15-november-2020-an-der-eima-digital-preview-2020-teil\/"]}]},{"@type":"BreadcrumbList","@id":"https:\/\/omigingranaggi.com\/de\/omig-nimmt-vom-11-bis-15-november-2020-an-der-eima-digital-preview-2020-teil\/#breadcrumb","itemListElement":[{"@type":"ListItem","position":1,"name":"Home","item":"https:\/\/omigingranaggi.com\/de\/"},{"@type":"ListItem","position":2,"name":"Omig nimmt vom 11. bis 15. November 2020 an der EIMA DIGITAL PREVIEW 2020 teil"}]},{"@type":"Person","@id":"https:\/\/omigingranaggi.com\/#\/schema\/person\/14701562a8416c34cb1ac64a7bc8f628","name":"Omig","image":{"@type":"ImageObject","inLanguage":"de","@id":"https:\/\/omigingranaggi.com\/#\/schema\/person\/image\/","url":"https:\/\/secure.gravatar.com\/avatar\/4a0562f94e8dfb44921dbabd33cdc75e?s=96&d=mm&r=g","contentUrl":"https:\/\/secure.gravatar.com\/avatar\/4a0562f94e8dfb44921dbabd33cdc75e?s=96&d=mm&r=g","caption":"Omig"},"url":"https:\/\/omigingranaggi.com\/de\/author\/omig\/"}]}},"_links":{"self":[{"href":"https:\/\/omigingranaggi.com\/de\/wp-json\/wp\/v2\/posts\/6864"}],"collection":[{"href":"https:\/\/omigingranaggi.com\/de\/wp-json\/wp\/v2\/posts"}],"about":[{"href":"https:\/\/omigingranaggi.com\/de\/wp-json\/wp\/v2\/types\/post"}],"author":[{"embeddable":true,"href":"https:\/\/omigingranaggi.com\/de\/wp-json\/wp\/v2\/users\/3"}],"replies":[{"embeddable":true,"href":"https:\/\/omigingranaggi.com\/de\/wp-json\/wp\/v2\/comments?post=6864"}],"version-history":[{"count":5,"href":"https:\/\/omigingranaggi.com\/de\/wp-json\/wp\/v2\/posts\/6864\/revisions"}],"predecessor-version":[{"id":7139,"href":"https:\/\/omigingranaggi.com\/de\/wp-json\/wp\/v2\/posts\/6864\/revisions\/7139"}],"wp:featuredmedia":[{"embeddable":true,"href":"https:\/\/omigingranaggi.com\/de\/wp-json\/wp\/v2\/media\/6890"}],"wp:attachment":[{"href":"https:\/\/omigingranaggi.com\/de\/wp-json\/wp\/v2\/media?parent=6864"}],"wp:term":[{"taxonomy":"category","embeddable":true,"href":"https:\/\/omigingranaggi.com\/de\/wp-json\/wp\/v2\/categories?post=6864"},{"taxonomy":"post_tag","embeddable":true,"href":"https:\/\/omigingranaggi.com\/de\/wp-json\/wp\/v2\/tags?post=6864"}],"curies":[{"name":"wp","href":"https:\/\/api.w.org\/{rel}","templated":true}]}}